{"id":191,"date":"2022-07-20T15:06:47","date_gmt":"2022-07-20T15:06:47","guid":{"rendered":"https:\/\/hallsintheforest.com\/?p=191"},"modified":"2025-03-07T13:20:21","modified_gmt":"2025-03-07T13:20:21","slug":"black-forest-germany","status":"publish","type":"post","link":"https:\/\/hallsintheforest.com\/de\/2022\/07\/20\/black-forest-germany\/","title":{"rendered":"Die Magie des Schwarzwaldes, Deutschland"},"content":{"rendered":"<p><\/p>\n\n\n\n<p><strong>Der Schwarzwald<\/strong> erhebt sich als h\u00f6chstes und gr\u00f6\u00dftes zusammenh\u00e4ngendes Mittelgebirge Deutschlands im s\u00fcdwestlichen Baden-W\u00fcrttemberg. Urlauber str\u00f6men zu diesem erstklassigen Reiseziel, das zum meistbesuchten Urlaubsort unter den deutschen Mittelgebirgen geworden ist.<\/p>\n\n\n\n<p>Die antiken V\u00f6lker nannten diese Gegend Abnoba mons, nach einer keltischen Gottheit. Sp\u00e4ter gaben die R\u00f6mer ihr den Namen Marciana Silva (\"Marcynischer Wald\"), abgeleitet vom germanischen Wort \"marka\" f\u00fcr \"Grenze\". Dies beschrieb wahrscheinlich die Grenze zum Gebiet der Markomannen (\"Grenzmenschen\"), die \u00f6stlich des r\u00f6mischen Limes lebten. Diese Markomannen geh\u00f6rten zum germanischen Volk der Sueben, den Vorfahren der heutigen Schwaben.<\/p>\n\n\n\n<p>Wissenschaftler glauben heute, dass Menschen sich bereits in der Vorgeschichte im Schwarzwald ansiedelten. Pollenanalysen und Untersuchungsergebnisse st\u00fctzen diese Theorie. Eindeutige Belege zeigen Siedlungen in Randgebieten wie dem Zartener Becken (Tarodunum) und nahe Neuenb\u00fcrg, wo vom 6. bis zum 4. Jahrhundert v. Chr. ein bedeutendes Eisenverh\u00fcttungszentrum existierte. In Baden-Baden befand sich das r\u00f6mische Thermalbad Aquae vom 1. bis zum 3. Jahrhundert n. Chr.<\/p>\n\n\n\n<p>Menschen reisten wahrscheinlich auf einer Stra\u00dfe \u00fcber den Thurner im s\u00fcdlichen <strong>Schwarzwald <\/strong>von der Eisenzeit bis zum fr\u00fchen Mittelalter. Die R\u00f6mer bauten sp\u00e4ter die Kinzigtalstra\u00dfe. Ein r\u00f6mischer Tempelbezirk am Brandsteig und ein gallisch-r\u00f6misches Quellheiligtum nahe der Brigachquelle bei St. Georgen unterstreichen die spirituelle Bedeutung der Region. Eindeutige Siedlungsaufzeichnungen tauchen wieder im sp\u00e4ten 10. Jahrhundert auf, wie R\u00f6tenbach, das erstmals 819 erw\u00e4hnt wurde. Ein Dokument des Klosters St. Gallen nannte erstmals den \"saltu Svarzwald\" <strong>Schwarzwald<\/strong> in 868.<\/p>\n\n\n\n<figure class=\"wp-block-image size-large\"><img fetchpriority=\"high\" decoding=\"async\" width=\"766\" height=\"1024\" src=\"https:\/\/hallsintheforest.com\/wp-content\/uploads\/2025\/03\/ghostoil-766x1024.jpg\" alt=\"\" class=\"wp-image-534\" srcset=\"https:\/\/hallsintheforest.com\/wp-content\/uploads\/2025\/03\/ghostoil-766x1024.jpg 766w, https:\/\/hallsintheforest.com\/wp-content\/uploads\/2025\/03\/ghostoil-224x300.jpg 224w, https:\/\/hallsintheforest.com\/wp-content\/uploads\/2025\/03\/ghostoil-768x1026.jpg 768w, https:\/\/hallsintheforest.com\/wp-content\/uploads\/2025\/03\/ghostoil-1149x1536.jpg 1149w, https:\/\/hallsintheforest.com\/wp-content\/uploads\/2025\/03\/ghostoil-1533x2048.jpg 1533w, https:\/\/hallsintheforest.com\/wp-content\/uploads\/2025\/03\/ghostoil-9x12.jpg 9w, https:\/\/hallsintheforest.com\/wp-content\/uploads\/2025\/03\/ghostoil-600x802.jpg 600w, https:\/\/hallsintheforest.com\/wp-content\/uploads\/2025\/03\/ghostoil.jpg 1760w\" sizes=\"(max-width: 766px) 100vw, 766px\" \/><\/figure>\n\n\n\n<h2 class=\"wp-block-heading\">Wir bringen dir Geschichten aus dem Schwarzwald<\/h2>\n\n\n\n<p>Du hast wahrscheinlich schon von diesem magischen Ort geh\u00f6rt. Du bist nicht hier f\u00fcr Geologiestunden oder Reisetipps. Du bist hier, weil der <strong>Schwarzwald <\/strong>vor Magie \u00fcbersprudelt.<\/p>\n\n\n\n<p>Dieser verzauberte Wald beherbergt Geister, Kobolde, Feen und Hexen. Obwohl Deutschland eine reiche magische Folklore besitzt, haben moderne Zeiten das Erbe dieser Volksm\u00e4rchen fast ausgel\u00f6scht. Viele Kinder kennen heute die klassischen Geschichten der Gebr\u00fcder Grimm nicht mehr. Die Magie verblasst im Allt\u00e4glichen. Aber nicht hier!<\/p>\n\n\n\n<blockquote class=\"wp-block-quote is-layout-flow wp-block-quote-is-layout-flow\">\n<p><em>\"M\u00e4rchen sind mehr als nur wahr: nicht weil sie uns erz\u00e4hlen, dass Drachen existieren, sondern weil sie uns zeigen, dass Drachen besiegt werden k\u00f6nnen.\"<\/em><\/p>\n<\/blockquote>\n\n\n\n<p>Als Gr\u00fcnderin und Gastgeber von \"Halls in the Forest\" bringe ich dir fantastische, schauererregende Geschichten aus diesem geheimnisvollen und wundersch\u00f6nen Ort. Da ich die H\u00e4lfte meines Lebens in Deutschland verbracht habe, kenne ich viele seiner Mysterien und vergessenen Geschichten.<\/p>\n\n\n\n<p>Einige davon sind:<\/p>\n\n\n\n<ul class=\"wp-block-list\">\n<li>Die Ruhelose Barbara<\/li>\n\n\n\n<li>Der Wurzel-Faun<\/li>\n\n\n\n<li>Die Windbraut<\/li>\n\n\n\n<li>Der Hexenfelsen<\/li>\n<\/ul>\n\n\n\n<p>Diese Geschichten sind erst der Anfang. Ich habe \u00fcber 200 Schwarzwaldgeschichten, die ich mit dir teilen m\u00f6chte! Abonniere unseren Newsletter, um die neuesten Videos, Blogbeitr\u00e4ge und Neuigkeiten aus dem Wald zu erhalten.<\/p>\n\n\n\n<p>Ich w\u00fcnsche dir einen magischen Tag.<\/p>\n\n\n\n<p>Deine<br><\/p>\n\n\n\n<figure class=\"wp-block-image size-large\"><img decoding=\"async\" width=\"1024\" height=\"272\" src=\"https:\/\/hallsintheforest.com\/wp-content\/uploads\/2025\/03\/ArianeSaltorisLogoPure_Black-1024x272.png\" alt=\"\" class=\"wp-image-433\" srcset=\"https:\/\/hallsintheforest.com\/wp-content\/uploads\/2025\/03\/ArianeSaltorisLogoPure_Black-1024x272.png 1024w, https:\/\/hallsintheforest.com\/wp-content\/uploads\/2025\/03\/ArianeSaltorisLogoPure_Black-300x80.png 300w, https:\/\/hallsintheforest.com\/wp-content\/uploads\/2025\/03\/ArianeSaltorisLogoPure_Black-768x204.png 768w, https:\/\/hallsintheforest.com\/wp-content\/uploads\/2025\/03\/ArianeSaltorisLogoPure_Black-18x5.png 18w, https:\/\/hallsintheforest.com\/wp-content\/uploads\/2025\/03\/ArianeSaltorisLogoPure_Black-600x160.png 600w, https:\/\/hallsintheforest.com\/wp-content\/uploads\/2025\/03\/ArianeSaltorisLogoPure_Black.png 1143w\" sizes=\"(max-width: 1024px) 100vw, 1024px\" \/><\/figure>\n\n\n\n<hr class=\"wp-block-separator has-alpha-channel-opacity\"\/>\n\n\n\n<a href=\"https:\/\/www.buymeacoffee.com\/arianesaltoris\" target=\"_blank\"><img decoding=\"async\" src=\"https:\/\/cdn.buymeacoffee.com\/buttons\/v2\/default-blue.png\" alt=\"Buy Me A Coffee\" style=\"height: 60px !important;width: 217px !important;\" ><\/a>","protected":false},"excerpt":{"rendered":"<p>The Black Forest (Schwarzwald in German) stands as Germany&#8217;s highest and largest connected low mountain range in southwestern Baden-W\u00fcrttemberg. Tourists flock to this premier destination, making it the most visited vacation spot among German low mountain ranges. Ancient peoples called this area Abnoba mons, after a Celtic deity. Later, Romans named it Marciana Silva (&#8220;Marcynian Forest&#8221;), derived from the Germanic word &#8220;marka&#8221; meaning &#8220;border.&#8221; This likely described the boundary to the territory of the Marcomanni (&#8220;border people&#8221;) who lived east of the Roman Limes. These Marcomanni belonged to the Germanic Suebi people, ancestors of the modern Swabians. Scientists now believe people settled in the Black Forest during prehistory. Pollen analyses and survey results support this theory. Clear evidence shows settlement in peripheral areas like the Zarten basin (Tarodunum) and near Neuenb\u00fcrg, which hosted a major iron smelting center from the 6th to 4th century BC. Baden-Baden featured the Roman thermal spa Aquae from the 1st to 3rd century AD. People likely traveled a road over the Thurner in the southern Black Forest from the Iron Age through the early Middle Ages. Romans later built the Kinzigtal road. A Roman temple district at Brandsteig and a Gallo-Roman spring sanctuary near St. [&hellip;]<\/p>","protected":false},"author":1,"featured_media":289,"comment_status":"closed","ping_status":"closed","sticky":false,"template":"","format":"standard","meta":{"_metis_text_type":"","_metis_text_length":0,"_post_count":0,"_jetpack_memberships_contains_paid_content":false,"footnotes":""},"categories":[1],"tags":[],"class_list":["post-191","post","type-post","status-publish","format-standard","has-post-thumbnail","hentry","category-the-mission"],"yoast_head":"<!-- This site is optimized with the Yoast SEO plugin v24.6 - https:\/\/yoast.com\/wordpress\/plugins\/seo\/ -->\n<title>The Magic of the Black Forest, Germany - Halls in The Forest<\/title>\n<meta name=\"description\" content=\"Welcome to the mysterious Black Forest&#039;s magical tales of ghosts, fairies, witches, and goblins. Explore Germany&#039;s richest folklore!\" \/>\n<meta name=\"robots\" content=\"index, follow, max-snippet:-1, max-image-preview:large, max-video-preview:-1\" \/>\n<link rel=\"canonical\" href=\"https:\/\/hallsintheforest.com\/de\/2022\/07\/20\/black-forest-germany\/\" \/>\n<meta property=\"og:locale\" content=\"de_DE\" \/>\n<meta property=\"og:type\" content=\"article\" \/>\n<meta property=\"og:title\" content=\"The Magic of the Black Forest, Germany - Halls in The Forest\" \/>\n<meta property=\"og:description\" content=\"Welcome to the mysterious Black Forest&#039;s magical tales of ghosts, fairies, witches, and goblins. Explore Germany&#039;s richest folklore!\" \/>\n<meta property=\"og:url\" content=\"https:\/\/hallsintheforest.com\/de\/2022\/07\/20\/black-forest-germany\/\" \/>\n<meta property=\"og:site_name\" content=\"Halls in The Forest\" \/>\n<meta property=\"article:publisher\" content=\"https:\/\/www.facebook.com\/hallsintheforest\" \/>\n<meta property=\"article:published_time\" content=\"2022-07-20T15:06:47+00:00\" \/>\n<meta property=\"article:modified_time\" content=\"2025-03-07T13:20:21+00:00\" \/>\n<meta property=\"og:image\" content=\"https:\/\/hallsintheforest.com\/wp-content\/uploads\/2022\/07\/13.jpg\" \/>\n\t<meta property=\"og:image:width\" content=\"1920\" \/>\n\t<meta property=\"og:image:height\" content=\"1280\" \/>\n\t<meta property=\"og:image:type\" content=\"image\/jpeg\" \/>\n<meta name=\"author\" content=\"Ariane Saltoris\" \/>\n<meta name=\"twitter:card\" content=\"summary_large_image\" \/>\n<meta name=\"twitter:label1\" content=\"Verfasst von\" \/>\n\t<meta name=\"twitter:data1\" content=\"Ariane Saltoris\" \/>\n\t<meta name=\"twitter:label2\" content=\"Gesch\u00e4tzte Lesezeit\" \/>\n\t<meta name=\"twitter:data2\" content=\"3\u00a0Minuten\" \/>\n<script type=\"application\/ld+json\" class=\"yoast-schema-graph\">{\"@context\":\"https:\/\/schema.org\",\"@graph\":[{\"@type\":\"Article\",\"@id\":\"https:\/\/hallsintheforest.com\/2022\/07\/20\/black-forest-germany\/#article\",\"isPartOf\":{\"@id\":\"https:\/\/hallsintheforest.com\/2022\/07\/20\/black-forest-germany\/\"},\"author\":{\"name\":\"Ariane Saltoris\",\"@id\":\"https:\/\/hallsintheforest.com\/#\/schema\/person\/a5b70fa5ece4f0ccdf81f8113555a883\"},\"headline\":\"The Magic of the Black Forest, Germany\",\"datePublished\":\"2022-07-20T15:06:47+00:00\",\"dateModified\":\"2025-03-07T13:20:21+00:00\",\"mainEntityOfPage\":{\"@id\":\"https:\/\/hallsintheforest.com\/2022\/07\/20\/black-forest-germany\/\"},\"wordCount\":446,\"publisher\":{\"@id\":\"https:\/\/hallsintheforest.com\/#organization\"},\"image\":{\"@id\":\"https:\/\/hallsintheforest.com\/2022\/07\/20\/black-forest-germany\/#primaryimage\"},\"thumbnailUrl\":\"https:\/\/hallsintheforest.com\/wp-content\/uploads\/2022\/07\/13.jpg\",\"articleSection\":[\"The Mission\"],\"inLanguage\":\"de\"},{\"@type\":\"WebPage\",\"@id\":\"https:\/\/hallsintheforest.com\/2022\/07\/20\/black-forest-germany\/\",\"url\":\"https:\/\/hallsintheforest.com\/2022\/07\/20\/black-forest-germany\/\",\"name\":\"The Magic of the Black Forest, Germany - Halls in The Forest\",\"isPartOf\":{\"@id\":\"https:\/\/hallsintheforest.com\/#website\"},\"primaryImageOfPage\":{\"@id\":\"https:\/\/hallsintheforest.com\/2022\/07\/20\/black-forest-germany\/#primaryimage\"},\"image\":{\"@id\":\"https:\/\/hallsintheforest.com\/2022\/07\/20\/black-forest-germany\/#primaryimage\"},\"thumbnailUrl\":\"https:\/\/hallsintheforest.com\/wp-content\/uploads\/2022\/07\/13.jpg\",\"datePublished\":\"2022-07-20T15:06:47+00:00\",\"dateModified\":\"2025-03-07T13:20:21+00:00\",\"description\":\"Welcome to the mysterious Black Forest's magical tales of ghosts, fairies, witches, and goblins. Explore Germany's richest folklore!\",\"breadcrumb\":{\"@id\":\"https:\/\/hallsintheforest.com\/2022\/07\/20\/black-forest-germany\/#breadcrumb\"},\"inLanguage\":\"de\",\"potentialAction\":[{\"@type\":\"ReadAction\",\"target\":[\"https:\/\/hallsintheforest.com\/2022\/07\/20\/black-forest-germany\/\"]}]},{\"@type\":\"ImageObject\",\"inLanguage\":\"de\",\"@id\":\"https:\/\/hallsintheforest.com\/2022\/07\/20\/black-forest-germany\/#primaryimage\",\"url\":\"https:\/\/hallsintheforest.com\/wp-content\/uploads\/2022\/07\/13.jpg\",\"contentUrl\":\"https:\/\/hallsintheforest.com\/wp-content\/uploads\/2022\/07\/13.jpg\",\"width\":1920,\"height\":1280},{\"@type\":\"BreadcrumbList\",\"@id\":\"https:\/\/hallsintheforest.com\/2022\/07\/20\/black-forest-germany\/#breadcrumb\",\"itemListElement\":[{\"@type\":\"ListItem\",\"position\":1,\"name\":\"Home\",\"item\":\"https:\/\/hallsintheforest.com\/\"},{\"@type\":\"ListItem\",\"position\":2,\"name\":\"The Magic of the Black Forest, Germany\"}]},{\"@type\":\"WebSite\",\"@id\":\"https:\/\/hallsintheforest.com\/#website\",\"url\":\"https:\/\/hallsintheforest.com\/\",\"name\":\"Halls in The Forest\",\"description\":\"Rescuing Folk Tales\",\"publisher\":{\"@id\":\"https:\/\/hallsintheforest.com\/#organization\"},\"potentialAction\":[{\"@type\":\"SearchAction\",\"target\":{\"@type\":\"EntryPoint\",\"urlTemplate\":\"https:\/\/hallsintheforest.com\/?s={search_term_string}\"},\"query-input\":{\"@type\":\"PropertyValueSpecification\",\"valueRequired\":true,\"valueName\":\"search_term_string\"}}],\"inLanguage\":\"de\"},{\"@type\":\"Organization\",\"@id\":\"https:\/\/hallsintheforest.com\/#organization\",\"name\":\"Halls in The Forest\",\"url\":\"https:\/\/hallsintheforest.com\/\",\"logo\":{\"@type\":\"ImageObject\",\"inLanguage\":\"de\",\"@id\":\"https:\/\/hallsintheforest.com\/#\/schema\/logo\/image\/\",\"url\":\"https:\/\/hallsintheforest.com\/wp-content\/uploads\/2022\/07\/2-2.png\",\"contentUrl\":\"https:\/\/hallsintheforest.com\/wp-content\/uploads\/2022\/07\/2-2.png\",\"width\":512,\"height\":512,\"caption\":\"Halls in The Forest\"},\"image\":{\"@id\":\"https:\/\/hallsintheforest.com\/#\/schema\/logo\/image\/\"},\"sameAs\":[\"https:\/\/www.facebook.com\/hallsintheforest\",\"https:\/\/www.pinterest.de\/hallsintheforest\/\",\"https:\/\/www.instagram.com\/hallsintheforest\/\"]},{\"@type\":\"Person\",\"@id\":\"https:\/\/hallsintheforest.com\/#\/schema\/person\/a5b70fa5ece4f0ccdf81f8113555a883\",\"name\":\"Ariane Saltoris\",\"image\":{\"@type\":\"ImageObject\",\"inLanguage\":\"de\",\"@id\":\"https:\/\/hallsintheforest.com\/#\/schema\/person\/image\/\",\"url\":\"https:\/\/secure.gravatar.com\/avatar\/3ad9b4a05b342abc42cb8b0ccec0b1cbe08264c82157ce871a06e1293710975b?s=96&d=mm&r=g\",\"contentUrl\":\"https:\/\/secure.gravatar.com\/avatar\/3ad9b4a05b342abc42cb8b0ccec0b1cbe08264c82157ce871a06e1293710975b?s=96&d=mm&r=g\",\"caption\":\"Ariane Saltoris\"},\"sameAs\":[\"https:\/\/hallsintheforest.com\"],\"url\":\"https:\/\/hallsintheforest.com\/de\/author\/wp-admin\/\"}]}<\/script>\n<!-- \/ Yoast SEO plugin. -->","yoast_head_json":{"title":"The Magic of the Black Forest, Germany - Halls in The Forest","description":"Welcome to the mysterious Black Forest's magical tales of ghosts, fairies, witches, and goblins. Explore Germany's richest folklore!","robots":{"index":"index","follow":"follow","max-snippet":"max-snippet:-1","max-image-preview":"max-image-preview:large","max-video-preview":"max-video-preview:-1"},"canonical":"https:\/\/hallsintheforest.com\/de\/2022\/07\/20\/black-forest-germany\/","og_locale":"de_DE","og_type":"article","og_title":"The Magic of the Black Forest, Germany - Halls in The Forest","og_description":"Welcome to the mysterious Black Forest's magical tales of ghosts, fairies, witches, and goblins. Explore Germany's richest folklore!","og_url":"https:\/\/hallsintheforest.com\/de\/2022\/07\/20\/black-forest-germany\/","og_site_name":"Halls in The Forest","article_publisher":"https:\/\/www.facebook.com\/hallsintheforest","article_published_time":"2022-07-20T15:06:47+00:00","article_modified_time":"2025-03-07T13:20:21+00:00","og_image":[{"width":1920,"height":1280,"url":"https:\/\/hallsintheforest.com\/wp-content\/uploads\/2022\/07\/13.jpg","type":"image\/jpeg"}],"author":"Ariane Saltoris","twitter_card":"summary_large_image","twitter_misc":{"Verfasst von":"Ariane Saltoris","Gesch\u00e4tzte Lesezeit":"3\u00a0Minuten"},"schema":{"@context":"https:\/\/schema.org","@graph":[{"@type":"Article","@id":"https:\/\/hallsintheforest.com\/2022\/07\/20\/black-forest-germany\/#article","isPartOf":{"@id":"https:\/\/hallsintheforest.com\/2022\/07\/20\/black-forest-germany\/"},"author":{"name":"Ariane Saltoris","@id":"https:\/\/hallsintheforest.com\/#\/schema\/person\/a5b70fa5ece4f0ccdf81f8113555a883"},"headline":"The Magic of the Black Forest, Germany","datePublished":"2022-07-20T15:06:47+00:00","dateModified":"2025-03-07T13:20:21+00:00","mainEntityOfPage":{"@id":"https:\/\/hallsintheforest.com\/2022\/07\/20\/black-forest-germany\/"},"wordCount":446,"publisher":{"@id":"https:\/\/hallsintheforest.com\/#organization"},"image":{"@id":"https:\/\/hallsintheforest.com\/2022\/07\/20\/black-forest-germany\/#primaryimage"},"thumbnailUrl":"https:\/\/hallsintheforest.com\/wp-content\/uploads\/2022\/07\/13.jpg","articleSection":["The Mission"],"inLanguage":"de"},{"@type":"WebPage","@id":"https:\/\/hallsintheforest.com\/2022\/07\/20\/black-forest-germany\/","url":"https:\/\/hallsintheforest.com\/2022\/07\/20\/black-forest-germany\/","name":"The Magic of the Black Forest, Germany - Halls in The Forest","isPartOf":{"@id":"https:\/\/hallsintheforest.com\/#website"},"primaryImageOfPage":{"@id":"https:\/\/hallsintheforest.com\/2022\/07\/20\/black-forest-germany\/#primaryimage"},"image":{"@id":"https:\/\/hallsintheforest.com\/2022\/07\/20\/black-forest-germany\/#primaryimage"},"thumbnailUrl":"https:\/\/hallsintheforest.com\/wp-content\/uploads\/2022\/07\/13.jpg","datePublished":"2022-07-20T15:06:47+00:00","dateModified":"2025-03-07T13:20:21+00:00","description":"Welcome to the mysterious Black Forest's magical tales of ghosts, fairies, witches, and goblins. Explore Germany's richest folklore!","breadcrumb":{"@id":"https:\/\/hallsintheforest.com\/2022\/07\/20\/black-forest-germany\/#breadcrumb"},"inLanguage":"de","potentialAction":[{"@type":"ReadAction","target":["https:\/\/hallsintheforest.com\/2022\/07\/20\/black-forest-germany\/"]}]},{"@type":"ImageObject","inLanguage":"de","@id":"https:\/\/hallsintheforest.com\/2022\/07\/20\/black-forest-germany\/#primaryimage","url":"https:\/\/hallsintheforest.com\/wp-content\/uploads\/2022\/07\/13.jpg","contentUrl":"https:\/\/hallsintheforest.com\/wp-content\/uploads\/2022\/07\/13.jpg","width":1920,"height":1280},{"@type":"BreadcrumbList","@id":"https:\/\/hallsintheforest.com\/2022\/07\/20\/black-forest-germany\/#breadcrumb","itemListElement":[{"@type":"ListItem","position":1,"name":"Home","item":"https:\/\/hallsintheforest.com\/"},{"@type":"ListItem","position":2,"name":"The Magic of the Black Forest, Germany"}]},{"@type":"WebSite","@id":"https:\/\/hallsintheforest.com\/#website","url":"https:\/\/hallsintheforest.com\/","name":"Halls in The Forest","description":"Rescuing Folk Tales","publisher":{"@id":"https:\/\/hallsintheforest.com\/#organization"},"potentialAction":[{"@type":"SearchAction","target":{"@type":"EntryPoint","urlTemplate":"https:\/\/hallsintheforest.com\/?s={search_term_string}"},"query-input":{"@type":"PropertyValueSpecification","valueRequired":true,"valueName":"search_term_string"}}],"inLanguage":"de"},{"@type":"Organization","@id":"https:\/\/hallsintheforest.com\/#organization","name":"Halls in The Forest","url":"https:\/\/hallsintheforest.com\/","logo":{"@type":"ImageObject","inLanguage":"de","@id":"https:\/\/hallsintheforest.com\/#\/schema\/logo\/image\/","url":"https:\/\/hallsintheforest.com\/wp-content\/uploads\/2022\/07\/2-2.png","contentUrl":"https:\/\/hallsintheforest.com\/wp-content\/uploads\/2022\/07\/2-2.png","width":512,"height":512,"caption":"Halls in The Forest"},"image":{"@id":"https:\/\/hallsintheforest.com\/#\/schema\/logo\/image\/"},"sameAs":["https:\/\/www.facebook.com\/hallsintheforest","https:\/\/www.pinterest.de\/hallsintheforest\/","https:\/\/www.instagram.com\/hallsintheforest\/"]},{"@type":"Person","@id":"https:\/\/hallsintheforest.com\/#\/schema\/person\/a5b70fa5ece4f0ccdf81f8113555a883","name":"Ariane Saltoris","image":{"@type":"ImageObject","inLanguage":"de","@id":"https:\/\/hallsintheforest.com\/#\/schema\/person\/image\/","url":"https:\/\/secure.gravatar.com\/avatar\/3ad9b4a05b342abc42cb8b0ccec0b1cbe08264c82157ce871a06e1293710975b?s=96&d=mm&r=g","contentUrl":"https:\/\/secure.gravatar.com\/avatar\/3ad9b4a05b342abc42cb8b0ccec0b1cbe08264c82157ce871a06e1293710975b?s=96&d=mm&r=g","caption":"Ariane Saltoris"},"sameAs":["https:\/\/hallsintheforest.com"],"url":"https:\/\/hallsintheforest.com\/de\/author\/wp-admin\/"}]}},"jetpack_featured_media_url":"https:\/\/hallsintheforest.com\/wp-content\/uploads\/2022\/07\/13.jpg","jetpack_sharing_enabled":true,"_links":{"self":[{"href":"https:\/\/hallsintheforest.com\/de\/wp-json\/wp\/v2\/posts\/191","targetHints":{"allow":["GET"]}}],"collection":[{"href":"https:\/\/hallsintheforest.com\/de\/wp-json\/wp\/v2\/posts"}],"about":[{"href":"https:\/\/hallsintheforest.com\/de\/wp-json\/wp\/v2\/types\/post"}],"author":[{"embeddable":true,"href":"https:\/\/hallsintheforest.com\/de\/wp-json\/wp\/v2\/users\/1"}],"replies":[{"embeddable":true,"href":"https:\/\/hallsintheforest.com\/de\/wp-json\/wp\/v2\/comments?post=191"}],"version-history":[{"count":7,"href":"https:\/\/hallsintheforest.com\/de\/wp-json\/wp\/v2\/posts\/191\/revisions"}],"predecessor-version":[{"id":553,"href":"https:\/\/hallsintheforest.com\/de\/wp-json\/wp\/v2\/posts\/191\/revisions\/553"}],"wp:featuredmedia":[{"embeddable":true,"href":"https:\/\/hallsintheforest.com\/de\/wp-json\/wp\/v2\/media\/289"}],"wp:attachment":[{"href":"https:\/\/hallsintheforest.com\/de\/wp-json\/wp\/v2\/media?parent=191"}],"wp:term":[{"taxonomy":"category","embeddable":true,"href":"https:\/\/hallsintheforest.com\/de\/wp-json\/wp\/v2\/categories?post=191"},{"taxonomy":"post_tag","embeddable":true,"href":"https:\/\/hallsintheforest.com\/de\/wp-json\/wp\/v2\/tags?post=191"}],"curies":[{"name":"wp","href":"https:\/\/api.w.org\/{rel}","templated":true}]}}